{"id":987,"date":"2017-06-27T17:46:15","date_gmt":"2017-06-27T20:46:15","guid":{"rendered":"http:\/\/estivarefratarios.com.br\/?p=987"},"modified":"2024-08-29T15:07:16","modified_gmt":"2024-08-29T18:07:16","slug":"estiva-refratarios-na-forncer-2017-em-santa-gertrudes","status":"publish","type":"post","link":"https:\/\/estivarefratarios.com.br\/es\/estiva-refratarios-na-forncer-2017-em-santa-gertrudes\/","title":{"rendered":"Estiva Refrat\u00e1rios na Forn&#038;Cer 2017 em Santa Gertrudes"},"content":{"rendered":"<p>[:pb]A Estiva Refrat\u00e1rios marcou presen\u00e7a na 9\u00aa edi\u00e7\u00e3o do Forn&amp;Cer, Encontro Internacional de Fornecedores e Cer\u00e2micas, que foi realizado de 20 a 22 de junho de 2017, em Santa Gertrudes.<\/p>\n<p>Segundo o s\u00f3cio-diretor da Estiva Refrat\u00e1rios, Francisco Eduardo de Toledo, a feira foi importante por oferecer uma exposi\u00e7\u00e3o de nossa linha de produtos, al\u00e9m de estreitar o relacionamento junto aos clientes e empresas da regi\u00e3o. \u201cRealizamos v\u00e1rios contatos e tivemos uma grande movimenta\u00e7\u00e3o de visitas em nosso estande. E aproveitamos o momento para oferecer aos nossos clientes um coquetel em comemora\u00e7\u00e3o aos 40 anos de Estiva Refrat\u00e1rios\u201d, destaca.<\/p>\n<p>A empresa realizou durante a Forn&amp;Cer o sorteio de uma linda churrasqueira refrat\u00e1ria e o ganhador foi Claudemir Tinelli (Tico) da empresa Incopisos. J\u00e1 na sexta-feira, na sede da empresa, foi realizado o sorteio de outra churrasqueira para os clientes que realizaram o cadastro em nosso site e o ganhador foi Leonardo Sanchez, da Cer\u00e2mica Savane.<\/p>\n<p>No dia 22 foi oferecido aos clientes e parceiros um coquetel em comemora\u00e7\u00e3o aos 40 anos de Estiva Refrat\u00e1rios.<\/p>\n<p>A Forn&amp;Cer, al\u00e9m de reunir o que h\u00e1 de mais moderno no segmento cer\u00e2mico, contou tamb\u00e9m com toda infraestrutura b\u00e1sica para atender expositores e visitantes: climatiza\u00e7\u00e3o, posto m\u00e9dico, amplo estacionamento gratuito, conforto, facilidades e economia.<\/p>\n<p>O evento foi organizado pela ASPACER (Associa\u00e7\u00e3o Paulista das Cer\u00e2micas de Revestimento), em um espa\u00e7o de sete mil metros quadrados, que compreende o Centro de Conven\u00e7\u00f5es. A entidade foi criada para dar suporte e defender os interesses do setor cer\u00e2mico paulista e representa uma das maiores for\u00e7as empresariais do Brasil, e \u00e9 a associa\u00e7\u00e3o do maior polo cer\u00e2mico das Am\u00e9ricas.<\/p>\n<p style=\"text-align: justify;\">\n<p style=\"text-align: justify;\"><img decoding=\"async\" class=\"ngg_displayed_gallery mceItem\" src=\"http:\/\/estivarefratarios.com.br\/nextgen-attach_to_post\/preview\/id--1028\" alt=\"\" data-mce-placeholder=\"1\" \/><\/p>\n<p>&nbsp;[:]<\/p>\n","protected":false},"excerpt":{"rendered":"<p>[:pb]A Estiva Refrat\u00e1rios marcou presen\u00e7a na 9\u00aa edi\u00e7\u00e3o do Forn&amp;Cer, Encontro Internacional de Fornecedores e Cer\u00e2micas, que foi realizado de 20 a 22 de junho de 2017, em Santa Gertrudes. Segundo o s\u00f3cio-diretor da Estiva Refrat\u00e1rios, Francisco Eduardo de Toledo, a feira foi importante por oferecer uma exposi\u00e7\u00e3o de nossa<\/p>\n","protected":false},"author":1,"featured_media":1029,"comment_status":"closed","ping_status":"closed","sticky":false,"template":"","format":"standard","meta":{"footnotes":""},"categories":[77],"tags":[],"class_list":["post-987","post","type-post","status-publish","format-standard","has-post-thumbnail","hentry","category-noticias"],"aioseo_notices":[],"_links":{"self":[{"href":"https:\/\/estivarefratarios.com.br\/es\/wp-json\/wp\/v2\/posts\/987"}],"collection":[{"href":"https:\/\/estivarefratarios.com.br\/es\/wp-json\/wp\/v2\/posts"}],"about":[{"href":"https:\/\/estivarefratarios.com.br\/es\/wp-json\/wp\/v2\/types\/post"}],"author":[{"embeddable":true,"href":"https:\/\/estivarefratarios.com.br\/es\/wp-json\/wp\/v2\/users\/1"}],"replies":[{"embeddable":true,"href":"https:\/\/estivarefratarios.com.br\/es\/wp-json\/wp\/v2\/comments?post=987"}],"version-history":[{"count":1,"href":"https:\/\/estivarefratarios.com.br\/es\/wp-json\/wp\/v2\/posts\/987\/revisions"}],"predecessor-version":[{"id":5709,"href":"https:\/\/estivarefratarios.com.br\/es\/wp-json\/wp\/v2\/posts\/987\/revisions\/5709"}],"wp:featuredmedia":[{"embeddable":true,"href":"https:\/\/estivarefratarios.com.br\/es\/wp-json\/wp\/v2\/media\/1029"}],"wp:attachment":[{"href":"https:\/\/estivarefratarios.com.br\/es\/wp-json\/wp\/v2\/media?parent=987"}],"wp:term":[{"taxonomy":"category","embeddable":true,"href":"https:\/\/estivarefratarios.com.br\/es\/wp-json\/wp\/v2\/categories?post=987"},{"taxonomy":"post_tag","embeddable":true,"href":"https:\/\/estivarefratarios.com.br\/es\/wp-json\/wp\/v2\/tags?post=987"}],"curies":[{"name":"wp","href":"https:\/\/api.w.org\/{rel}","templated":true}]}}