{"id":5644,"date":"2018-12-21T08:00:11","date_gmt":"2018-12-21T10:00:11","guid":{"rendered":"http:\/\/estivarefratarios.com.br\/?p=1855"},"modified":"2024-08-29T15:03:07","modified_gmt":"2024-08-29T18:03:07","slug":"a-tradicao-do-festival-da-ceramica-na-italia","status":"publish","type":"post","link":"https:\/\/estivarefratarios.com.br\/es\/a-tradicao-do-festival-da-ceramica-na-italia\/","title":{"rendered":"A tradi\u00e7\u00e3o do Festival da Cer\u00e2mica, na It\u00e1lia."},"content":{"rendered":"<p>[:pb]<span style=\"font-weight: 400;\">Se voc\u00ea \u00e9 apreciador de artes e gosta de objetos cer\u00e2micos maravilhosos, voc\u00ea precisa conhecer a tradi\u00e7\u00e3o que a It\u00e1lia vem construindo neste segmento. Por l\u00e1, em Faenza, geralmente no m\u00eas de setembro, acontece o evento \u00abArgill\u00e0 Italia\u00bb, conhecido festival da cer\u00e2mica na It\u00e1lia. <\/span><\/p>\n<p><span style=\"font-weight: 400;\">Desde 2008, a cidade de Faenza recebe a cada dois anos ceramistas, artistas e profissionais da \u00e1rea de Artes Cer\u00e2micas e Artesanato para um longo fim de semana dedicado \u00e0 Cer\u00e2mica, sua escultura e beleza \u00edmpares. <\/span><\/p>\n<p><span style=\"font-weight: 400;\">O festival da cer\u00e2mica na It\u00e1lia, \u00abArgill\u00e0 Italia\u00bb, oferece aos visitantes a oportunidade de um agrad\u00e1vel passeio pelas ruas do centro hist\u00f3rico de Faenza, descobrindo os estandes dos expositores internacionais, apresentando sua melhor produ\u00e7\u00e3o de cer\u00e2mica, desde a arte, escultura , design, m\u00f3veis, utens\u00edlios dom\u00e9sticos e acess\u00f3rios de moda.<\/span><\/p>\n<p><span style=\"font-weight: 400;\"><br \/>\n<\/span><span style=\"font-weight: 400;\">Ao lado da exposi\u00e7\u00e3o do mercado acontecem tamb\u00e9m diversos eventos culturais. Ao todo s\u00e3o tr\u00eas dias e tr\u00eas noites de imers\u00e3o total no mundo das cer\u00e2micas, descobrindo os aspectos mais originais e fascinantes da fabrica\u00e7\u00e3o com a Mondial Tornianti \u2013 (torneio hist\u00f3rico internacional de torno), fornos de cer\u00e2mica ao ar livre com apresenta\u00e7\u00f5es de queima, concertos com instrumentos musicais de cer\u00e2mica, atividades para crian\u00e7as, confer\u00eancias, workshops e oficinas.<\/span><\/p>\n<p><span style=\"font-weight: 400;\"><br \/>\n<\/span><span style=\"font-weight: 400;\">Tamb\u00e9m desde 2008, o \u00abArgill\u00e0 Italia\u00bb \u2013 inspirado no evento franc\u00eas Argilla, que acontece em Aubagne (Marselha) \u2013 se estabeleceu como um dos principais festivais de cer\u00e2mica na Europa. Serve tamb\u00e9m como um momento importante para o interc\u00e2mbio entre os operadores do sistema de cer\u00e2mica e uma oportunidade \u00fanica de rede nacional e internacional. <\/span><\/p>\n<p><span style=\"font-weight: 400;\"><br \/>\n<\/span><span style=\"font-weight: 400;\">O principal festival de cer\u00e2mica na It\u00e1lia acontece em Faenza, uma cidade cuja identidade cultural est\u00e1 fortemente relacionada \u00e0 produ\u00e7\u00e3o de cer\u00e2micas, que ainda hoje representam uma refer\u00eancia na Europa e no mundo.<\/span><\/p>\n<p><span style=\"font-weight: 400;\"><br \/>\n<\/span><b>FONTE: maiorviagem.net<\/b>[:]<\/p>\n","protected":false},"excerpt":{"rendered":"<p>[:pb]Se voc\u00ea \u00e9 apreciador de artes e gosta de objetos cer\u00e2micos maravilhosos, voc\u00ea precisa conhecer a tradi\u00e7\u00e3o que a It\u00e1lia vem construindo neste segmento. Por l\u00e1, em Faenza, geralmente no m\u00eas de setembro, acontece o evento \u00abArgill\u00e0 Italia\u00bb, conhecido festival da cer\u00e2mica na It\u00e1lia. Desde 2008, a cidade de Faenza<\/p>\n","protected":false},"author":1,"featured_media":1859,"comment_status":"closed","ping_status":"closed","sticky":false,"template":"","format":"standard","meta":{"footnotes":""},"categories":[61,48,77],"tags":[],"class_list":["post-5644","post","type-post","status-publish","format-standard","has-post-thumbnail","hentry","category-ceramica-artistica","category-mercados","category-noticias"],"aioseo_notices":[],"_links":{"self":[{"href":"https:\/\/estivarefratarios.com.br\/es\/wp-json\/wp\/v2\/posts\/5644"}],"collection":[{"href":"https:\/\/estivarefratarios.com.br\/es\/wp-json\/wp\/v2\/posts"}],"about":[{"href":"https:\/\/estivarefratarios.com.br\/es\/wp-json\/wp\/v2\/types\/post"}],"author":[{"embeddable":true,"href":"https:\/\/estivarefratarios.com.br\/es\/wp-json\/wp\/v2\/users\/1"}],"replies":[{"embeddable":true,"href":"https:\/\/estivarefratarios.com.br\/es\/wp-json\/wp\/v2\/comments?post=5644"}],"version-history":[{"count":1,"href":"https:\/\/estivarefratarios.com.br\/es\/wp-json\/wp\/v2\/posts\/5644\/revisions"}],"predecessor-version":[{"id":5664,"href":"https:\/\/estivarefratarios.com.br\/es\/wp-json\/wp\/v2\/posts\/5644\/revisions\/5664"}],"wp:featuredmedia":[{"embeddable":true,"href":"https:\/\/estivarefratarios.com.br\/es\/wp-json\/wp\/v2\/media\/1859"}],"wp:attachment":[{"href":"https:\/\/estivarefratarios.com.br\/es\/wp-json\/wp\/v2\/media?parent=5644"}],"wp:term":[{"taxonomy":"category","embeddable":true,"href":"https:\/\/estivarefratarios.com.br\/es\/wp-json\/wp\/v2\/categories?post=5644"},{"taxonomy":"post_tag","embeddable":true,"href":"https:\/\/estivarefratarios.com.br\/es\/wp-json\/wp\/v2\/tags?post=5644"}],"curies":[{"name":"wp","href":"https:\/\/api.w.org\/{rel}","templated":true}]}}