{"id":1817,"date":"2018-09-21T08:00:45","date_gmt":"2018-09-21T11:00:45","guid":{"rendered":"http:\/\/estivarefratarios.com.br\/?p=1817"},"modified":"2024-08-29T15:03:49","modified_gmt":"2024-08-29T18:03:49","slug":"a-beleza-e-a-tradicao-dos-azulejos-portugueses","status":"publish","type":"post","link":"https:\/\/estivarefratarios.com.br\/es\/a-beleza-e-a-tradicao-dos-azulejos-portugueses\/","title":{"rendered":"A beleza e a tradi\u00e7\u00e3o dos azulejos portugueses"},"content":{"rendered":"<p>[:pb]<span style=\"font-weight: 400;\">O azulejo \u00e9 uma das marcas mais distintivas daquilo que \u00e9 a cultura portuguesa. A constitui\u00e7\u00e3o de muitos dos edif\u00edcios e dos espa\u00e7os p\u00fablicos lusos s\u00e3o ornamentados e complementados com as figuras representadas nesses espa\u00e7os de tonalidade azul. Em muitos deles, est\u00e1 condensada a hist\u00f3ria e a mem\u00f3ria de milhares de lusitanos, tanto a daqueles que d\u00e3o vida a essas representa\u00e7\u00f5es, como aqueles que se encontram honrados e homenageados em v\u00e1rias vilas. As paredes nacionais, ao contr\u00e1rio de tantas outras, n\u00e3o se fecham, abrindo portais para outras dimens\u00f5es temporais, para tempos remotos, onde a recorda\u00e7\u00e3o ainda pulsa bem na proximidade dos que caminham e dos que tocam em consagrada realiza\u00e7\u00e3o.<\/span><span style=\"font-weight: 400;\"><br \/>\n<\/span><\/p>\n<p><span style=\"font-weight: 400;\">Embora proeminente e ressurgente na cultura portuguesa, o azulejo tem deriva\u00e7\u00f5es \u00e1rabes na pr\u00f3pria sem\u00e2ntica. O termo azzellj significa pequena pedra polida, e foi usado para designar o pr\u00f3prio mosaico usado na arte bizantina. Por\u00e9m, concernindo tal e qual \u00e0quilo que conhecemos hoje, designa uma pe\u00e7a de cer\u00e2mica de espessura pequena, normalmente quadrada, com uma das faces vidradas. Formatada tradicionalmente em 15\u00d715, resulta da cozedura de esmalte, que reveste e torna imperme\u00e1vel e resplandecente essa pe\u00e7a quadrada. Diante de divis\u00f5es e de contextos h\u00famidos, tornou-se aplicado com regularidade, assentindo em resist\u00eancia e em parcas despesas. Podendo-se desdobrar em lisas, relevadas, monocrom\u00e1ticas ou policrom\u00e1ticas, as pe\u00e7as em azulejo foram usadas, principalmente, no revestimento de obras arquitet\u00f4nicas, aplicando-se tanto nos interiores, como nos exteriores, e expondo v\u00e1rios epis\u00f3dios e cenas aleg\u00f3ricas, religiosas e hist\u00f3ricas, estando dependente do contexto do seu uso. O seu alinhamento como ornamento passou a, n\u00e3o s\u00f3 apresentar-se como um complemento \u00e0s v\u00e1rias tend\u00eancias art\u00edsticas, mas tamb\u00e9m como uma estetiza\u00e7\u00e3o art\u00edstica e identit\u00e1ria do espa\u00e7o que incorporam, que representam, e em que se presenciam.<\/span><span style=\"font-weight: 400;\"><br \/>\n<\/span><\/p>\n<p><span style=\"font-weight: 400;\">Curiosamente, j\u00e1 em tempos do Antigo Egito e da Mesopot\u00e2mia que se evidencia o emprego do azulejo propagando-se por toda a Pen\u00ednsula Ib\u00e9rica. \u00c9 no Oriente que se consagra a produ\u00e7\u00e3o de revestimentos para a pr\u00f3pria porcelana chinesa e a sua arte, \u00e0 propor\u00e7\u00e3o da din\u00e2mica de alargamento isl\u00e2mico, alcan\u00e7ou as pr\u00f3prias regi\u00f5es onde se fez sentir. Assim, artes\u00e3os mu\u00e7ulmanos fixaram-se em v\u00e1rios pontos da pen\u00ednsula, e, tendencialmente, plantaram as sementes da arquitetura mud\u00e9jar em solo espanhol, e da arte do azulejo em Portugal. Tudo isto bem a meio deste mil\u00e9nio. Nisto, importou, tamb\u00e9m, a tradi\u00e7\u00e3o cer\u00e2mica portuguesa, que abdicou de importar de Espanha para fazer o seu pr\u00f3prio azulejo, e que propagou esse mesmo engenho para as col\u00f3nias que detinha ent\u00e3o. O sentimento de encanto foi imediato, e perspetivava-se uma eterniza\u00e7\u00e3o destes mosaicos naquilo que seria uma heran\u00e7a para os artes\u00e3os.<\/span><span style=\"font-weight: 400;\"><br \/>\n<\/span><b><i><\/i><\/b><\/p>\n<p><b><i>Fonte: A hist\u00f3ria do azulejo portugu\u00eas<\/i><\/b>[:]<\/p>\n","protected":false},"excerpt":{"rendered":"<p>[:pb]O azulejo \u00e9 uma das marcas mais distintivas daquilo que \u00e9 a cultura portuguesa. A constitui\u00e7\u00e3o de muitos dos edif\u00edcios e dos espa\u00e7os p\u00fablicos lusos s\u00e3o ornamentados e complementados com as figuras representadas nesses espa\u00e7os de tonalidade azul. Em muitos deles, est\u00e1 condensada a hist\u00f3ria e a mem\u00f3ria de milhares<\/p>\n","protected":false},"author":1,"featured_media":1818,"comment_status":"closed","ping_status":"closed","sticky":false,"template":"","format":"standard","meta":{"footnotes":""},"categories":[77],"tags":[],"class_list":["post-1817","post","type-post","status-publish","format-standard","has-post-thumbnail","hentry","category-noticias"],"aioseo_notices":[],"_links":{"self":[{"href":"https:\/\/estivarefratarios.com.br\/es\/wp-json\/wp\/v2\/posts\/1817"}],"collection":[{"href":"https:\/\/estivarefratarios.com.br\/es\/wp-json\/wp\/v2\/posts"}],"about":[{"href":"https:\/\/estivarefratarios.com.br\/es\/wp-json\/wp\/v2\/types\/post"}],"author":[{"embeddable":true,"href":"https:\/\/estivarefratarios.com.br\/es\/wp-json\/wp\/v2\/users\/1"}],"replies":[{"embeddable":true,"href":"https:\/\/estivarefratarios.com.br\/es\/wp-json\/wp\/v2\/comments?post=1817"}],"version-history":[{"count":1,"href":"https:\/\/estivarefratarios.com.br\/es\/wp-json\/wp\/v2\/posts\/1817\/revisions"}],"predecessor-version":[{"id":5669,"href":"https:\/\/estivarefratarios.com.br\/es\/wp-json\/wp\/v2\/posts\/1817\/revisions\/5669"}],"wp:featuredmedia":[{"embeddable":true,"href":"https:\/\/estivarefratarios.com.br\/es\/wp-json\/wp\/v2\/media\/1818"}],"wp:attachment":[{"href":"https:\/\/estivarefratarios.com.br\/es\/wp-json\/wp\/v2\/media?parent=1817"}],"wp:term":[{"taxonomy":"category","embeddable":true,"href":"https:\/\/estivarefratarios.com.br\/es\/wp-json\/wp\/v2\/categories?post=1817"},{"taxonomy":"post_tag","embeddable":true,"href":"https:\/\/estivarefratarios.com.br\/es\/wp-json\/wp\/v2\/tags?post=1817"}],"curies":[{"name":"wp","href":"https:\/\/api.w.org\/{rel}","templated":true}]}}