{"id":1051,"date":"2017-07-25T17:50:50","date_gmt":"2017-07-25T20:50:50","guid":{"rendered":"http:\/\/estivarefratarios.com.br\/?p=1051"},"modified":"2024-08-29T15:07:42","modified_gmt":"2024-08-29T18:07:42","slug":"estiva-refratarios-comemorou-os-seus-40-anos-em-grande-estilo","status":"publish","type":"post","link":"https:\/\/estivarefratarios.com.br\/es\/estiva-refratarios-comemorou-os-seus-40-anos-em-grande-estilo\/","title":{"rendered":"Estiva Refrat\u00e1rios comemorou os seus 40 anos em grande estilo!"},"content":{"rendered":"<p>[:pb]A Estiva Refrat\u00e1rios reuniu colaboradores, parceiros, clientes, fornecedores e familiares em uma festa repleta de alegria e emo\u00e7\u00e3o.<\/p>\n<p>No dia 22 de julho, no Clube de Campo, cerca de 400 pessoas prestigiaram o evento onde a grande atra\u00e7\u00e3o foi o clima e o ambiente familiar proporcionado por todos os presentes.<\/p>\n<p>Como tradicionalmente ocorre, foi realizada uma missa em a\u00e7\u00e3o de gra\u00e7as pelos 40 anos na igreja S\u00e3o Jos\u00e9 em Estiva Gerbi, celebrada pelos padres Pe. Ramiro e Pe. Jo\u00e3o Paulo. A missa contou com a participa\u00e7\u00e3o dos s\u00f3cios, colaboradores e seus familiares.<\/p>\n<p>O diretor da Estiva Refrat\u00e1rios, Francisco Eduardo de Toledo, deu as boas-vindas aos convidados e agradeceu a todos que contribu\u00edram para o crescimento da empresa. Ele fez um reconhecimento especial ao trabalho dos colaboradores e aproveitou tamb\u00e9m para fazer um agradecimento especial aos fundadores Heitor Miachon Bueno, H\u00e9lio Miachon Bueno, Giuseppe Magno (in memoriam), Roberto G. Garofletti, R\u00e9clus Gerbi (in memoriam), Reinaldo Gerbi e Giuseppe Longhi e ao diretor Aparecido Medina.<\/p>\n<p>A festa dos 40 anos da Estiva Refrat\u00e1rios reservava ainda momentos de emo\u00e7\u00e3o e surpresas. Foi exibido um v\u00eddeo comemorativo contando um pouco da trajet\u00f3ria da empresa e todos se emocionaram. Tamb\u00e9m Foi realizada uma homenagem aos s\u00f3cios fundadores presentes, quando receberam um mimo (\u00abplaca\u00bb com o nome) em agradecimento.<\/p>\n<p>Outro momento importante foi o sorteio de uma churrasqueira refrat\u00e1ria, sendo o ganhador o colaborador Mateus Polettini que posteriormente a sorteou para a sua equipe.<\/p>\n<p>Ap\u00f3s as homenagens, foi servido um almo\u00e7o a todos os presentes, e a festa seguiu animada at\u00e9 o final da tarde com a anima\u00e7\u00e3o da Banda XNU.<\/p>\n<p>Al\u00e9m disso foi disponibilizado as crian\u00e7as, um espa\u00e7o recreativo com cama el\u00e1stica, touro mec\u00e2nico e tobog\u00e3 para que elas pudessem brincar e se divertir.<\/p>\n<p>Enfim, uma grande festa que ficar\u00e1 marcada na mem\u00f3ria de todos que fizeram parte dessa hist\u00f3ria. Parab\u00e9ns Estiva Refrat\u00e1rios!!!<\/p>\n<p><img decoding=\"async\" class=\"ngg_displayed_gallery mceItem\" src=\"http:\/\/estivarefratarios.com.br\/nextgen-attach_to_post\/preview\/id--1583\" alt=\"\" data-mce-placeholder=\"1\" \/>[:]<\/p>\n","protected":false},"excerpt":{"rendered":"<p>[:pb]A Estiva Refrat\u00e1rios reuniu colaboradores, parceiros, clientes, fornecedores e familiares em uma festa repleta de alegria e emo\u00e7\u00e3o. No dia 22 de julho, no Clube de Campo, cerca de 400 pessoas prestigiaram o evento onde a grande atra\u00e7\u00e3o foi o clima e o ambiente familiar proporcionado por todos os presentes.<\/p>\n","protected":false},"author":1,"featured_media":1052,"comment_status":"closed","ping_status":"closed","sticky":false,"template":"","format":"standard","meta":{"footnotes":""},"categories":[77],"tags":[],"class_list":["post-1051","post","type-post","status-publish","format-standard","has-post-thumbnail","hentry","category-noticias"],"aioseo_notices":[],"_links":{"self":[{"href":"https:\/\/estivarefratarios.com.br\/es\/wp-json\/wp\/v2\/posts\/1051"}],"collection":[{"href":"https:\/\/estivarefratarios.com.br\/es\/wp-json\/wp\/v2\/posts"}],"about":[{"href":"https:\/\/estivarefratarios.com.br\/es\/wp-json\/wp\/v2\/types\/post"}],"author":[{"embeddable":true,"href":"https:\/\/estivarefratarios.com.br\/es\/wp-json\/wp\/v2\/users\/1"}],"replies":[{"embeddable":true,"href":"https:\/\/estivarefratarios.com.br\/es\/wp-json\/wp\/v2\/comments?post=1051"}],"version-history":[{"count":1,"href":"https:\/\/estivarefratarios.com.br\/es\/wp-json\/wp\/v2\/posts\/1051\/revisions"}],"predecessor-version":[{"id":5712,"href":"https:\/\/estivarefratarios.com.br\/es\/wp-json\/wp\/v2\/posts\/1051\/revisions\/5712"}],"wp:featuredmedia":[{"embeddable":true,"href":"https:\/\/estivarefratarios.com.br\/es\/wp-json\/wp\/v2\/media\/1052"}],"wp:attachment":[{"href":"https:\/\/estivarefratarios.com.br\/es\/wp-json\/wp\/v2\/media?parent=1051"}],"wp:term":[{"taxonomy":"category","embeddable":true,"href":"https:\/\/estivarefratarios.com.br\/es\/wp-json\/wp\/v2\/categories?post=1051"},{"taxonomy":"post_tag","embeddable":true,"href":"https:\/\/estivarefratarios.com.br\/es\/wp-json\/wp\/v2\/tags?post=1051"}],"curies":[{"name":"wp","href":"https:\/\/api.w.org\/{rel}","templated":true}]}}