{"id":889,"date":"2017-04-04T16:03:49","date_gmt":"2017-04-04T19:03:49","guid":{"rendered":"http:\/\/estivarefratarios.com.br\/?p=889"},"modified":"2024-08-29T15:07:09","modified_gmt":"2024-08-29T18:07:09","slug":"a-familia-estiva-refratarios-se-orgulha-em-apoiar-a-apae-de-estiva-gerbi","status":"publish","type":"post","link":"https:\/\/estivarefratarios.com.br\/en\/a-familia-estiva-refratarios-se-orgulha-em-apoiar-a-apae-de-estiva-gerbi\/","title":{"rendered":"A fam\u00edlia Estiva Refrat\u00e1rios se orgulha em apoiar a APAE de Estiva Gerbi."},"content":{"rendered":"<p>[:pb]<span style=\"color: #1d2129;\">A fam\u00edlia Estiva Refrat\u00e1rios se orgulha em apoiar a APAE de Estiva Gerbi. <\/span><\/p>\n<p><span style=\"color: #1d2129;\">No dia 02\/04 foi o dia mundial da conscientiza\u00e7\u00e3o do autismo, e o que desejamos \u00e9 conscientizar a todos fazendo com que esse dia seja lembrado.<\/span><\/p>\n<p><span style=\"color: #1d2129;\">#Autismo \u00e9 apenas uma maneira diferente de ver o mundo, com um jeito \u00fanico de ser#<\/span>[:]<\/p>\n","protected":false},"excerpt":{"rendered":"<p>[:pb]A fam\u00edlia Estiva Refrat\u00e1rios se orgulha em apoiar a APAE de Estiva Gerbi. No dia 02\/04 foi o dia mundial da conscientiza\u00e7\u00e3o do autismo, e o que desejamos \u00e9 conscientizar a todos fazendo com que esse dia seja lembrado. #Autismo \u00e9 apenas uma maneira diferente de ver o mundo, com<\/p>\n","protected":false},"author":1,"featured_media":890,"comment_status":"closed","ping_status":"closed","sticky":false,"template":"","format":"standard","meta":{"footnotes":""},"categories":[77],"tags":[],"class_list":["post-889","post","type-post","status-publish","format-standard","has-post-thumbnail","hentry","category-noticias"],"aioseo_notices":[],"_links":{"self":[{"href":"https:\/\/estivarefratarios.com.br\/en\/wp-json\/wp\/v2\/posts\/889"}],"collection":[{"href":"https:\/\/estivarefratarios.com.br\/en\/wp-json\/wp\/v2\/posts"}],"about":[{"href":"https:\/\/estivarefratarios.com.br\/en\/wp-json\/wp\/v2\/types\/post"}],"author":[{"embeddable":true,"href":"https:\/\/estivarefratarios.com.br\/en\/wp-json\/wp\/v2\/users\/1"}],"replies":[{"embeddable":true,"href":"https:\/\/estivarefratarios.com.br\/en\/wp-json\/wp\/v2\/comments?post=889"}],"version-history":[{"count":1,"href":"https:\/\/estivarefratarios.com.br\/en\/wp-json\/wp\/v2\/posts\/889\/revisions"}],"predecessor-version":[{"id":5708,"href":"https:\/\/estivarefratarios.com.br\/en\/wp-json\/wp\/v2\/posts\/889\/revisions\/5708"}],"wp:featuredmedia":[{"embeddable":true,"href":"https:\/\/estivarefratarios.com.br\/en\/wp-json\/wp\/v2\/media\/890"}],"wp:attachment":[{"href":"https:\/\/estivarefratarios.com.br\/en\/wp-json\/wp\/v2\/media?parent=889"}],"wp:term":[{"taxonomy":"category","embeddable":true,"href":"https:\/\/estivarefratarios.com.br\/en\/wp-json\/wp\/v2\/categories?post=889"},{"taxonomy":"post_tag","embeddable":true,"href":"https:\/\/estivarefratarios.com.br\/en\/wp-json\/wp\/v2\/tags?post=889"}],"curies":[{"name":"wp","href":"https:\/\/api.w.org\/{rel}","templated":true}]}}