{"id":832,"date":"2017-04-03T08:00:01","date_gmt":"2017-04-03T11:00:01","guid":{"rendered":"http:\/\/estivarefratarios.com.br\/?p=832"},"modified":"2024-08-29T15:06:17","modified_gmt":"2024-08-29T18:06:17","slug":"estiva-refratarios-40-anos","status":"publish","type":"post","link":"https:\/\/estivarefratarios.com.br\/en\/estiva-refratarios-40-anos\/","title":{"rendered":"Estiva Refrat\u00e1rios 40 anos"},"content":{"rendered":"<p>[:pb]<\/p>\n<p style=\"text-align: justify;\">A hist\u00f3ria da Estiva foi marcada por muitos desafios. Gra\u00e7as ao apoio dos nossos colaboradores, parceiros, clientes e s\u00f3cios, hoje conquistamos credibilidade no mercado de mob\u00edlia refrat\u00e1ria no mercado nacional e internacional.<\/p>\n<p style=\"text-align: justify;\">Nossa empresa surgiu com o objetivo de suprir as necessidades do mercado nacional, pois na \u00e9poca todo material refrat\u00e1rio era importado da Alemanha, Inglaterra e It\u00e1lia. Ao percebermos essa necessidade\/oportunidade, um grupo de empres\u00e1rios se reuniu no ano de 1977 para fundar a Estiva Refrat\u00e1rios. A principio, o objetivo era atender a demanda nacional e, ap\u00f3s conquistar credibilidade com nossos clientes no Brasil, expandimos nosso atendimento para outros pa\u00edses na Am\u00e9rica Latina. Hoje temos representantes espalhados ao redor do mundo, o que nos possibilita atender clientes em qualquer pa\u00eds.<\/p>\n<p style=\"text-align: justify;\">Estamos completando 40 anos de Estiva, uma hist\u00f3ria que foi escrita com muito esfor\u00e7o de todos que de alguma forma se envolveram. Hoje nossa empresa \u00e9 uma refer\u00eancia mundial no fornecimento de solu\u00e7\u00f5es para mercados diversificados. S\u00edmbolo de qualidade e inova\u00e7\u00e3o tecnol\u00f3gica, a marca hist\u00f3rica de 40 anos de exist\u00eancia n\u00e3o poderia passar em branco!<\/p>\n<p style=\"text-align: justify;\">Para homenagear essa conquista, o logo da Estiva Refrat\u00e1rios ganhou um selo de 40 anos para marcar um fato que poucas empresas conseguem alcan\u00e7ar, ainda mais em um segmento t\u00e3o espec\u00edfico no qual atuamos. A partir do m\u00eas de abril, nossa comunica\u00e7\u00e3o passa a ser divulgada com o selo.<\/p>\n<p style=\"text-align: justify;\">Confira nossa galeria ao logo dos nossos 40 anos:<\/p>\n<p style=\"text-align: justify;\"><img decoding=\"async\" class=\"ngg_displayed_gallery mceItem\" src=\"http:\/\/estivarefratarios.com.br\/nextgen-attach_to_post\/preview\/id--885\" alt=\"\" data-mce-placeholder=\"1\" \/><\/p>\n<p>[:]<\/p>\n","protected":false},"excerpt":{"rendered":"<p>[:pb] A hist\u00f3ria da Estiva foi marcada por muitos desafios. Gra\u00e7as ao apoio dos nossos colaboradores, parceiros, clientes e s\u00f3cios, hoje conquistamos credibilidade no mercado de mob\u00edlia refrat\u00e1ria no mercado nacional e internacional. Nossa empresa surgiu com o objetivo de suprir as necessidades do mercado nacional, pois na \u00e9poca todo<\/p>\n","protected":false},"author":1,"featured_media":887,"comment_status":"closed","ping_status":"closed","sticky":false,"template":"","format":"standard","meta":{"footnotes":""},"categories":[77,78],"tags":[],"class_list":["post-832","post","type-post","status-publish","format-standard","has-post-thumbnail","hentry","category-noticias","category-sem-categoria"],"aioseo_notices":[],"_links":{"self":[{"href":"https:\/\/estivarefratarios.com.br\/en\/wp-json\/wp\/v2\/posts\/832"}],"collection":[{"href":"https:\/\/estivarefratarios.com.br\/en\/wp-json\/wp\/v2\/posts"}],"about":[{"href":"https:\/\/estivarefratarios.com.br\/en\/wp-json\/wp\/v2\/types\/post"}],"author":[{"embeddable":true,"href":"https:\/\/estivarefratarios.com.br\/en\/wp-json\/wp\/v2\/users\/1"}],"replies":[{"embeddable":true,"href":"https:\/\/estivarefratarios.com.br\/en\/wp-json\/wp\/v2\/comments?post=832"}],"version-history":[{"count":1,"href":"https:\/\/estivarefratarios.com.br\/en\/wp-json\/wp\/v2\/posts\/832\/revisions"}],"predecessor-version":[{"id":5683,"href":"https:\/\/estivarefratarios.com.br\/en\/wp-json\/wp\/v2\/posts\/832\/revisions\/5683"}],"wp:featuredmedia":[{"embeddable":true,"href":"https:\/\/estivarefratarios.com.br\/en\/wp-json\/wp\/v2\/media\/887"}],"wp:attachment":[{"href":"https:\/\/estivarefratarios.com.br\/en\/wp-json\/wp\/v2\/media?parent=832"}],"wp:term":[{"taxonomy":"category","embeddable":true,"href":"https:\/\/estivarefratarios.com.br\/en\/wp-json\/wp\/v2\/categories?post=832"},{"taxonomy":"post_tag","embeddable":true,"href":"https:\/\/estivarefratarios.com.br\/en\/wp-json\/wp\/v2\/tags?post=832"}],"curies":[{"name":"wp","href":"https:\/\/api.w.org\/{rel}","templated":true}]}}