{"id":1849,"date":"2018-12-17T14:43:03","date_gmt":"2018-12-17T16:43:03","guid":{"rendered":"http:\/\/estivarefratarios.com.br\/?p=1849"},"modified":"2024-08-29T15:03:13","modified_gmt":"2024-08-29T18:03:13","slug":"designer-dinamarques-surpreende-com-ceramicas-criativas","status":"publish","type":"post","link":"https:\/\/estivarefratarios.com.br\/en\/designer-dinamarques-surpreende-com-ceramicas-criativas\/","title":{"rendered":"Designer dinamarqu\u00eas surpreende com cer\u00e2micas criativas"},"content":{"rendered":"<p>[:pb]<span style=\"font-weight: 400;\">Com o projeto Primal Pottery (Cer\u00e2mica Primitiva, em tradu\u00e7\u00e3o livre), o dinamarqu\u00eas Ole Jensen busca resgatar as origens da cer\u00e2mica ancestral, onde objetos utilit\u00e1rios s\u00e3o muitas vezes percebidos e descritos como um corpo ou uma cabe\u00e7a completos. Dessa forma, as pe\u00e7as desenvolvidas pelo designer contempor\u00e2neo incorporam algumas representa\u00e7\u00f5es de partes do corpo humano, como orelhas, pernas e seios.<\/span><\/p>\n<p><span style=\"font-weight: 400;\"><br \/>\n<\/span><span style=\"font-weight: 400;\">Os vasos, potes, bowls e jarros assinados por Jensen s\u00e3o feitos com argila vermelha. Internamente e em pontos estrat\u00e9gicos (como nas al\u00e7as-orelhas) a cer\u00e2mica \u00e9 revestida com uma camada de esmalte avermelhado e brilhante. Os objetos podem ser usados no dia a dia e t\u00eam dimens\u00f5es que v\u00e3o de 35 cm x 20 cm a 50 cm x 40 cm.<\/span><\/p>\n<p><span style=\"font-weight: 400;\"><br \/>\n<\/span><span style=\"font-weight: 400;\">O designer Ole Jensen \u00e9 um dos ceramistas mais conhecidos da Dinamarca e, durante a edi\u00e7\u00e3o 2016 do Sal\u00e3o do M\u00f3vel de Mil\u00e3o, exibiu suas cria\u00e7\u00f5es na Mindcrafts, uma mostra paralela organizada pela Danish Arts Foundation e pela Danish Agency for Culture, em abril, na It\u00e1lia. Este ano, a exposi\u00e7\u00e3o tem curadoria do est\u00fadio de design GamFratesi e \u00e9 dedicada apenas aos produtos dinamarqueses.<\/span><\/p>\n<p><span style=\"font-weight: 400;\"><br \/>\n<\/span><b>FONTE: HiperClean Brasil <\/b>[:]<\/p>\n","protected":false},"excerpt":{"rendered":"<p>[:pb]Com o projeto Primal Pottery (Cer\u00e2mica Primitiva, em tradu\u00e7\u00e3o livre), o dinamarqu\u00eas Ole Jensen busca resgatar as origens da cer\u00e2mica ancestral, onde objetos utilit\u00e1rios s\u00e3o muitas vezes percebidos e descritos como um corpo ou uma cabe\u00e7a completos. Dessa forma, as pe\u00e7as desenvolvidas pelo designer contempor\u00e2neo incorporam algumas representa\u00e7\u00f5es de partes<\/p>\n","protected":false},"author":1,"featured_media":1858,"comment_status":"closed","ping_status":"closed","sticky":false,"template":"","format":"standard","meta":{"footnotes":""},"categories":[61,48,77],"tags":[],"class_list":["post-1849","post","type-post","status-publish","format-standard","has-post-thumbnail","hentry","category-ceramica-artistica","category-mercados","category-noticias"],"aioseo_notices":[],"_links":{"self":[{"href":"https:\/\/estivarefratarios.com.br\/en\/wp-json\/wp\/v2\/posts\/1849"}],"collection":[{"href":"https:\/\/estivarefratarios.com.br\/en\/wp-json\/wp\/v2\/posts"}],"about":[{"href":"https:\/\/estivarefratarios.com.br\/en\/wp-json\/wp\/v2\/types\/post"}],"author":[{"embeddable":true,"href":"https:\/\/estivarefratarios.com.br\/en\/wp-json\/wp\/v2\/users\/1"}],"replies":[{"embeddable":true,"href":"https:\/\/estivarefratarios.com.br\/en\/wp-json\/wp\/v2\/comments?post=1849"}],"version-history":[{"count":1,"href":"https:\/\/estivarefratarios.com.br\/en\/wp-json\/wp\/v2\/posts\/1849\/revisions"}],"predecessor-version":[{"id":5665,"href":"https:\/\/estivarefratarios.com.br\/en\/wp-json\/wp\/v2\/posts\/1849\/revisions\/5665"}],"wp:featuredmedia":[{"embeddable":true,"href":"https:\/\/estivarefratarios.com.br\/en\/wp-json\/wp\/v2\/media\/1858"}],"wp:attachment":[{"href":"https:\/\/estivarefratarios.com.br\/en\/wp-json\/wp\/v2\/media?parent=1849"}],"wp:term":[{"taxonomy":"category","embeddable":true,"href":"https:\/\/estivarefratarios.com.br\/en\/wp-json\/wp\/v2\/categories?post=1849"},{"taxonomy":"post_tag","embeddable":true,"href":"https:\/\/estivarefratarios.com.br\/en\/wp-json\/wp\/v2\/tags?post=1849"}],"curies":[{"name":"wp","href":"https:\/\/api.w.org\/{rel}","templated":true}]}}