{"id":1690,"date":"2018-03-20T16:19:44","date_gmt":"2018-03-20T19:19:44","guid":{"rendered":"http:\/\/estivarefratarios.com.br\/?p=1690"},"modified":"2024-08-29T15:05:02","modified_gmt":"2024-08-29T18:05:02","slug":"brasil-e-o-segundo-maior-produtor-de-revestimento-do-mundo","status":"publish","type":"post","link":"https:\/\/estivarefratarios.com.br\/en\/brasil-e-o-segundo-maior-produtor-de-revestimento-do-mundo\/","title":{"rendered":"Brasil \u00e9 o Segundo maior Produtor de Revestimento do Mundo"},"content":{"rendered":"<p>[:pb]Recentes estudos realizados pelo Congresso Brasileiro de Cer\u00e2mica junto a Associa\u00e7\u00e3o Nacional da Ind\u00fastria Cer\u00e2mica (Anicer), o Brasil \u00e9 o segundo maior produtor de revestimentos cer\u00e2micos e tamb\u00e9m o segundo maior mercado consumidor do mundo, sendo superado somente pela China. Seu crescimento nos \u00faltimos anos vem ultrapassando os produtores tradicionais como a It\u00e1lia e a Espana.<\/p>\n<p>Em 2010 a produ\u00e7\u00e3o atingiu cerda de 753 milh\u00f5es de M\u00b2, divididos entre em cer\u00e2micas para piso, parede, fachadas e porcelanatos. S\u00e3o os polos cer\u00e2micos regionais de Santa Catarina e S\u00e3o Paulo que concentram mais de 80% da produ\u00e7\u00e3o, por\u00e9m o mercado conta com aproximadamente 100 ind\u00fastrias instaladas em 18 estados do Brasil.<\/p>\n<p>Com as antigas f\u00e1bricas de tijolos, blocos e telhas de cer\u00e2mica vermelha que surgiu a ind\u00fastria brasileira de cer\u00e2mica, que no in\u00edcio do s\u00e9culo 20 iniciou a fabrica\u00e7\u00e3o de ladrilhos hidr\u00e1ulicos e, depois, azulejos e pastilhas cer\u00e2micas e de vidro. Por volta dos anos 70 que a produ\u00e7\u00e3o se tornou mais intensa, permitindo que a ind\u00fastria ampliasse consideravelmente a fabrica\u00e7\u00e3o de pisos e azulejos, aumentando a quantidade de empresas do setor.<\/p>\n<p>Como resultado desse aumento e da for\u00e7a da ind\u00fastria de revestimentos cer\u00e2micos, em 1999 foi criada a ASPACER, entidade representativa do setor, atuando em benef\u00edcio do segmento, possibilitando atrav\u00e9s de suas a\u00e7\u00f5es um ambiente institucional positivo, o que possibilita o crescimento e o aperfei\u00e7oamento da atividade produtiva atrav\u00e9s de a\u00e7\u00f5es no campo tribut\u00e1rio, fiscal, ambiental, mineral, promo\u00e7\u00e3o comercial, qualifica\u00e7\u00e3o profissional, entre outras \u00e1reas.<\/p>\n<p>Na d\u00e9cada de 80, com a produ\u00e7\u00e3o em alta, a Estiva Refrat\u00e1rios come\u00e7ou a se infiltrar no mercado Europeu e principalmente nos Estados Unidos, primeiro mercado estrangeiro da empresa. Atualmente a Estiva Refrat\u00e1rios est\u00e1 por todo o mundo, tendo unidades nos 5 continentes, buscando sempre inova\u00e7\u00e3o e tecnologia para melhor satisfazer seus clientes.<\/p>\n<p>Fonte: Exame https:\/\/exame.abril.com.br\/negocios\/dino\/brasil-e-o-segundo-maior-produtor-mundial-no-setor-de-revestimentos-shtml\/[:]<\/p>\n","protected":false},"excerpt":{"rendered":"<p>[:pb]Recentes estudos realizados pelo Congresso Brasileiro de Cer\u00e2mica junto a Associa\u00e7\u00e3o Nacional da Ind\u00fastria Cer\u00e2mica (Anicer), o Brasil \u00e9 o segundo maior produtor de revestimentos cer\u00e2micos e tamb\u00e9m o segundo maior mercado consumidor do mundo, sendo superado somente pela China. Seu crescimento nos \u00faltimos anos vem ultrapassando os produtores tradicionais<\/p>\n","protected":false},"author":1,"featured_media":1691,"comment_status":"closed","ping_status":"closed","sticky":false,"template":"","format":"standard","meta":{"footnotes":""},"categories":[77],"tags":[],"class_list":["post-1690","post","type-post","status-publish","format-standard","has-post-thumbnail","hentry","category-noticias"],"aioseo_notices":[],"_links":{"self":[{"href":"https:\/\/estivarefratarios.com.br\/en\/wp-json\/wp\/v2\/posts\/1690"}],"collection":[{"href":"https:\/\/estivarefratarios.com.br\/en\/wp-json\/wp\/v2\/posts"}],"about":[{"href":"https:\/\/estivarefratarios.com.br\/en\/wp-json\/wp\/v2\/types\/post"}],"author":[{"embeddable":true,"href":"https:\/\/estivarefratarios.com.br\/en\/wp-json\/wp\/v2\/users\/1"}],"replies":[{"embeddable":true,"href":"https:\/\/estivarefratarios.com.br\/en\/wp-json\/wp\/v2\/comments?post=1690"}],"version-history":[{"count":1,"href":"https:\/\/estivarefratarios.com.br\/en\/wp-json\/wp\/v2\/posts\/1690\/revisions"}],"predecessor-version":[{"id":5679,"href":"https:\/\/estivarefratarios.com.br\/en\/wp-json\/wp\/v2\/posts\/1690\/revisions\/5679"}],"wp:featuredmedia":[{"embeddable":true,"href":"https:\/\/estivarefratarios.com.br\/en\/wp-json\/wp\/v2\/media\/1691"}],"wp:attachment":[{"href":"https:\/\/estivarefratarios.com.br\/en\/wp-json\/wp\/v2\/media?parent=1690"}],"wp:term":[{"taxonomy":"category","embeddable":true,"href":"https:\/\/estivarefratarios.com.br\/en\/wp-json\/wp\/v2\/categories?post=1690"},{"taxonomy":"post_tag","embeddable":true,"href":"https:\/\/estivarefratarios.com.br\/en\/wp-json\/wp\/v2\/tags?post=1690"}],"curies":[{"name":"wp","href":"https:\/\/api.w.org\/{rel}","templated":true}]}}